{"id":2844,"date":"2019-04-11T20:49:18","date_gmt":"2019-04-11T20:49:18","guid":{"rendered":"https:\/\/tutator.net\/news\/presidente-del-comite-de-la-infancia-y-la-adolescencia-recibe-representantes-de-la-fundacion-suiza\/"},"modified":"2024-11-21T16:10:38","modified_gmt":"2024-11-21T16:10:38","slug":"presidente-del-comite-de-la-infancia-y-la-adolescencia-recibe-representantes-de-la-fundacion-suiza","status":"publish","type":"news","link":"https:\/\/tutator.net\/es\/news\/presidente-del-comite-de-la-infancia-y-la-adolescencia-recibe-representantes-de-la-fundacion-suiza\/","title":{"rendered":"Presidente del Comit\u00e9 de la Infancia y la Adolescencia recibe representantes de la fundaci\u00f3n suiza"},"content":{"rendered":"\n<figure class=\"wp-block-image size-large\"><img fetchpriority=\"high\" decoding=\"async\" width=\"1024\" height=\"696\" src=\"https:\/\/tutator.net\/wp-content\/uploads\/2019\/04\/image-1024x696.jpeg\" alt=\"\" class=\"wp-image-2316\" srcset=\"https:\/\/tutator.net\/wp-content\/uploads\/2019\/04\/image-1024x696.jpeg 1024w, https:\/\/tutator.net\/wp-content\/uploads\/2019\/04\/image-300x204.jpeg 300w, https:\/\/tutator.net\/wp-content\/uploads\/2019\/04\/image-768x522.jpeg 768w, https:\/\/tutator.net\/wp-content\/uploads\/2019\/04\/image.jpeg 1232w\" sizes=\"(max-width: 1024px) 100vw, 1024px\" \/><\/figure>\n\n<p><\/p>\n\n<p class=\"text mt-4\">En la tarde del jueves 11, Emilson Pereira (Podemos), concejal y presidente de la Comisi\u00f3n de la Infancia y la Adolescencia de la ciudad de Goi\u00e2nia, recibi\u00f3 a los representantes de la <a href=\"https:\/\/tutator.net\/\">Fundaci\u00f3n Tutator<\/a>, una entidad suiza que utiliza tecnolog\u00edas para reintegrar a los j\u00f3venes en conflicto con la legislaci\u00f3n. Cont\u00f3 con la participaci\u00f3n del representante estatal Vinicius Cirqueira y de representantes de organizaciones que tienen proyectos en esta \u00e1rea.<\/p>\n\n<p class=\"text\">La fundaci\u00f3n realiza una agenda de visitas para apoyar a entidades para j\u00f3venes, ni\u00f1os y adolescentes. Realiza un trabajo con resultados satisfactorios en los pa\u00edses de Am\u00e9rica Latina y presenta algunas de las experiencias de Honduras y Bolivia sobre Justicia Penal Juvenil y Personas Privadas de Libertad. Se presentaron herramientas tecnol\u00f3gicas que pueden servir como modelo para Brasil.<\/p>\n\n<p class=\"text mt-4\">El objetivo de la entidad es utilizar tecnolog\u00edas para integrar los servicios sociales en todo el mundo, teniendo un tratamiento espec\u00edfico para cada necesidad, a la vez que genera un impacto positivo en las vidas. Son proyectos autosostenibles, donde existe la garant\u00eda de protecci\u00f3n de los datos sociales y de seguridad. Los procesos documentados y bien definidos son necesarios para la implementaci\u00f3n exitosa del software, que se puede utilizar para diferentes contextos..<\/p>\n\n<p>Fuente<\/p>\n\n<a href=\"https:\/\/goiania.go.leg.br\/sala-de-imprensa\/noticias\/presidente-da-comissao-da-crianca-e-do-adolescente-recebe-representantes-de-fundacao-suica\" target=\"_blank\" rel=\"noopener\">https:\/\/goiania.go.leg.br\/sala-de-imprensa\/noticias\/presidente-da-comissao-da-crianca-e-do-adolescente-recebe-representantes-de-fundacao-suica<\/a>\n","protected":false},"excerpt":{"rendered":"<p>En la tarde del jueves 11, Emilson Pereira (Podemos), concejal y presidente de la Comisi\u00f3n de la Infancia y la Adolescencia de la ciudad de Goi\u00e2nia, recibi\u00f3 a los representantes de la Fundaci\u00f3n Tutator, una entidad suiza que utiliza tecnolog\u00edas para reintegrar a los j\u00f3venes en conflicto con la legislaci\u00f3n. Cont\u00f3 con la participaci\u00f3n del [&hellip;]<\/p>\n","protected":false},"author":1,"featured_media":2319,"menu_order":0,"comment_status":"closed","ping_status":"closed","template":"","format":"standard","meta":{"footnotes":""},"class_list":["post-2844","news","type-news","status-publish","format-standard","has-post-thumbnail","hentry"],"_links":{"self":[{"href":"https:\/\/tutator.net\/es\/wp-json\/wp\/v2\/news\/2844","targetHints":{"allow":["GET"]}}],"collection":[{"href":"https:\/\/tutator.net\/es\/wp-json\/wp\/v2\/news"}],"about":[{"href":"https:\/\/tutator.net\/es\/wp-json\/wp\/v2\/types\/news"}],"author":[{"embeddable":true,"href":"https:\/\/tutator.net\/es\/wp-json\/wp\/v2\/users\/1"}],"replies":[{"embeddable":true,"href":"https:\/\/tutator.net\/es\/wp-json\/wp\/v2\/comments?post=2844"}],"version-history":[{"count":0,"href":"https:\/\/tutator.net\/es\/wp-json\/wp\/v2\/news\/2844\/revisions"}],"wp:featuredmedia":[{"embeddable":true,"href":"https:\/\/tutator.net\/es\/wp-json\/wp\/v2\/media\/2319"}],"wp:attachment":[{"href":"https:\/\/tutator.net\/es\/wp-json\/wp\/v2\/media?parent=2844"}],"curies":[{"name":"wp","href":"https:\/\/api.w.org\/{rel}","templated":true}]}}